{"id":7807,"date":"2013-08-21T10:55:43","date_gmt":"2013-08-21T13:55:43","guid":{"rendered":"http:\/\/fundacionastur.org\/proyecto-uruguay25-encuentros-en-la-fundacion-astur\/"},"modified":"2021-10-27T02:23:07","modified_gmt":"2021-10-27T05:23:07","slug":"proyecto-uruguay25-encuentros-en-la-fundacion-astur","status":"publish","type":"post","link":"https:\/\/fundacionastur.org\/en\/proyecto-uruguay25-encuentros-en-la-fundacion-astur\/","title":{"rendered":"Proyecto URUGUAY+25- Encuentros en la Fundaci\u00f3n Astur"},"content":{"rendered":"<p>Los \u00faltimos d\u00edas de julio y todo el mes de agosto se dedicar\u00e1n a Encuentros del Presidente de la Fundaci\u00f3n con diferentes personalidades representativas del mundo acad\u00e9mico, pol\u00edtico y social, en torno a las siguientes tem\u00e1ticas:<br \/>\n\u00b7\t\u201cTransformaci\u00f3n del sistema educativo\u201d<br \/>\n\u00b7\t\u201cMacroeconom\u00eda Estructural\u201d<br \/>\n\u00b7\t\u201cTransformaci\u00f3n del Estado\u201d<br \/>\n\u00b7\t\u201cIntegraci\u00f3n regional e inserci\u00f3n internacional\u201d<br \/>\n\u00b7\t\u201cAgenda de la Equidad\u201d<br \/>\n\u00b7\t\u201cFuerza de la Cultura\u201d<br \/>\n\u00b7\t\u201cInnovaci\u00f3n competitividad\u201d<br \/>\n\u00b7\t\u201cDemograf\u00eda, migraci\u00f3n y protecci\u00f3n social\u201d<\/p>\n<p>Una segunda reuni\u00f3n sobre Macroeconom\u00eda estructural ser\u00e1 programada para antes de fin de a\u00f1o, as\u00ed como un encuentro sobre Recursos naturales, miner\u00eda y energ\u00eda.<br \/>\nEstos encuentros configuran la Fase II del \u201cProyecto Uruguay+25\u201c que culminar\u00e1 con la publicaci\u00f3n por parte del Presidente, de su visi\u00f3n de la hoja de ruta del desarrollo para Uruguay en las pr\u00f3ximas d\u00e9cadas (Fase III). La fase I, en curso de ejecuci\u00f3n, consiste en los estudios e investigaciones encargados a m\u00e1s de 20 expertos uruguayos, con consultas a especialistas internacionales sobre los temas del calendario. Estos encuentros privados no dan lugar a conclusiones ni declaraciones sino que consisten en un intercambio de ideas de los invitados y el Cr. Iglesias.<br \/>\nEl Proyecto Uruguay+25 cuenta con el apoyo de la Corporaci\u00f3n Andina de Fomento. Banco de Latinoam\u00e9rica; Banco Interamericano de Desarrollo y Banco Mundial. La coordinaci\u00f3n T\u00e9cnica est\u00e1 a cargo de la Red Mercosur de Centros de Investigaci\u00f3n Econ\u00f3mica y la direcci\u00f3n del proyecto a cargo de Leo Harari<\/p>\n","protected":false},"excerpt":{"rendered":"<p>Los \u00faltimos d\u00edas de julio y todo el mes de agosto se dedicar\u00e1n a Encuentros del Presidente de la Fundaci\u00f3n con diferentes personalidades representativas del mundo acad\u00e9mico, pol\u00edtico y social, en torno a las siguientes tem\u00e1ticas: \u00b7 \u201cTransformaci\u00f3n del sistema educativo\u201d \u00b7 \u201cMacroeconom\u00eda Estructural\u201d \u00b7 \u201cTransformaci\u00f3n del Estado\u201d \u00b7 \u201cIntegraci\u00f3n regional e inserci\u00f3n internacional\u201d \u00b7 [&hellip;]<\/p>\n","protected":false},"author":3,"featured_media":7232,"comment_status":"open","ping_status":"open","sticky":false,"template":"","format":"standard","meta":{"footnotes":""},"categories":[55],"tags":[],"class_list":["post-7807","post","type-post","status-publish","format-standard","has-post-thumbnail","hentry","category-todas"],"acf":{"fecha":"8\/21\/2013","documento":false,"fotos":false,"video":"","proyecto_relacionado":""},"_links":{"self":[{"href":"https:\/\/fundacionastur.org\/en\/wp-json\/wp\/v2\/posts\/7807","targetHints":{"allow":["GET"]}}],"collection":[{"href":"https:\/\/fundacionastur.org\/en\/wp-json\/wp\/v2\/posts"}],"about":[{"href":"https:\/\/fundacionastur.org\/en\/wp-json\/wp\/v2\/types\/post"}],"author":[{"embeddable":true,"href":"https:\/\/fundacionastur.org\/en\/wp-json\/wp\/v2\/users\/3"}],"replies":[{"embeddable":true,"href":"https:\/\/fundacionastur.org\/en\/wp-json\/wp\/v2\/comments?post=7807"}],"version-history":[{"count":1,"href":"https:\/\/fundacionastur.org\/en\/wp-json\/wp\/v2\/posts\/7807\/revisions"}],"predecessor-version":[{"id":7854,"href":"https:\/\/fundacionastur.org\/en\/wp-json\/wp\/v2\/posts\/7807\/revisions\/7854"}],"wp:featuredmedia":[{"embeddable":true,"href":"https:\/\/fundacionastur.org\/en\/wp-json\/wp\/v2\/media\/7232"}],"wp:attachment":[{"href":"https:\/\/fundacionastur.org\/en\/wp-json\/wp\/v2\/media?parent=7807"}],"wp:term":[{"taxonomy":"category","embeddable":true,"href":"https:\/\/fundacionastur.org\/en\/wp-json\/wp\/v2\/categories?post=7807"},{"taxonomy":"post_tag","embeddable":true,"href":"https:\/\/fundacionastur.org\/en\/wp-json\/wp\/v2\/tags?post=7807"}],"curies":[{"name":"wp","href":"https:\/\/api.w.org\/{rel}","templated":true}]}}