{"id":7799,"date":"2015-04-20T10:55:43","date_gmt":"2015-04-20T13:55:43","guid":{"rendered":"http:\/\/fundacionastur.org\/convenio-astur-intendencia-rivera\/"},"modified":"2021-10-27T02:18:39","modified_gmt":"2021-10-27T05:18:39","slug":"convenio-astur-intendencia-rivera","status":"publish","type":"post","link":"https:\/\/fundacionastur.org\/en\/convenio-astur-intendencia-rivera\/","title":{"rendered":"Convenio ASTUR &#8211; Intendencia Rivera"},"content":{"rendered":"<p>Rivera es el primero de cuatro<br \/>\nDepartamentos\u00a0en firmar un Convenio con Fundaci\u00f3n Astur, que coopera con la<br \/>\ntercera edad<\/p>\n<p>Tercera Edad Riverense<br \/>\ncontemplada con importante convenio.<\/p>\n<p>El departamento de Rivera es el primero de cuatro departamentos en firmar un<br \/>\nconvenio con Fundaci\u00f3n Astur de cooperaci\u00f3n institucional de manera de generar<br \/>\ncompromiso y colaboraci\u00f3n para llevar adelante el Proyecto \u201cVejez + Cuidada +<br \/>\nActiva\u201d.<\/p>\n<p>Uruguay es uno de los<br \/>\npa\u00edses donde la poblaci\u00f3n de la tercera edad representa un porcentaje<br \/>\nimportante en el total de habitantes del pa\u00eds, lo que motiva a buscar una mejor<br \/>\ncalidad de vida para esa franja etaria.<\/p>\n<p>La ubicaci\u00f3n geogr\u00e1fica del departamento es uno de los puntos que han<br \/>\nfavorecido el que Rivera haya sido elegido como primer departamento en firmar<br \/>\neste convenio.<\/p>\n<p>En esa oportunidad el<br \/>\nIntendente Departamental Ing. Agr. Abilio Briz expres\u00f3 que el Proyecto \u201cVejez +<br \/>\nCuidada + Activa\u201d viene a fortalecer el trabajo que viene desarrollando el<br \/>\nGobierno Departamental desde la Direcci\u00f3n General de Promoci\u00f3n y Desarrollo a<br \/>\ntrav\u00e9s de las actividades llevadas adelante en La Casa del Adulto Mayor.<\/p>\n<p>El Coordinador del Proyecto Jos\u00e9 Bonifacino manifest\u00f3 que algunas actividades desarrolladas<br \/>\nen el marco del mismo comenzar\u00e1n en la pr\u00f3xima semana.<\/p>\n<p>Rocha, Tacuaremb\u00f3 y Cerro Largo tambi\u00e9n firmar\u00e1n convenio.<\/p>","protected":false},"excerpt":{"rendered":"<p>Rivera es el primero de cuatro Departamentos\u00a0en firmar un Convenio con Fundaci\u00f3n Astur, que coopera con la tercera edad Tercera Edad Riverense contemplada con importante convenio. El departamento de Rivera es el primero de cuatro departamentos en firmar un convenio con Fundaci\u00f3n Astur de cooperaci\u00f3n institucional de manera de generar compromiso y colaboraci\u00f3n para llevar [&hellip;]<\/p>\n","protected":false},"author":3,"featured_media":7169,"comment_status":"open","ping_status":"open","sticky":false,"template":"","format":"standard","meta":{"footnotes":""},"categories":[55,35],"tags":[],"class_list":["post-7799","post","type-post","status-publish","format-standard","has-post-thumbnail","hentry","category-todas","category-institucionales"],"acf":{"fecha":"4\/20\/2015","documento":false,"fotos":false,"video":"","proyecto_relacionado":""},"_links":{"self":[{"href":"https:\/\/fundacionastur.org\/en\/wp-json\/wp\/v2\/posts\/7799","targetHints":{"allow":["GET"]}}],"collection":[{"href":"https:\/\/fundacionastur.org\/en\/wp-json\/wp\/v2\/posts"}],"about":[{"href":"https:\/\/fundacionastur.org\/en\/wp-json\/wp\/v2\/types\/post"}],"author":[{"embeddable":true,"href":"https:\/\/fundacionastur.org\/en\/wp-json\/wp\/v2\/users\/3"}],"replies":[{"embeddable":true,"href":"https:\/\/fundacionastur.org\/en\/wp-json\/wp\/v2\/comments?post=7799"}],"version-history":[{"count":2,"href":"https:\/\/fundacionastur.org\/en\/wp-json\/wp\/v2\/posts\/7799\/revisions"}],"predecessor-version":[{"id":8272,"href":"https:\/\/fundacionastur.org\/en\/wp-json\/wp\/v2\/posts\/7799\/revisions\/8272"}],"wp:featuredmedia":[{"embeddable":true,"href":"https:\/\/fundacionastur.org\/en\/wp-json\/wp\/v2\/media\/7169"}],"wp:attachment":[{"href":"https:\/\/fundacionastur.org\/en\/wp-json\/wp\/v2\/media?parent=7799"}],"wp:term":[{"taxonomy":"category","embeddable":true,"href":"https:\/\/fundacionastur.org\/en\/wp-json\/wp\/v2\/categories?post=7799"},{"taxonomy":"post_tag","embeddable":true,"href":"https:\/\/fundacionastur.org\/en\/wp-json\/wp\/v2\/tags?post=7799"}],"curies":[{"name":"wp","href":"https:\/\/api.w.org\/{rel}","templated":true}]}}