{"id":7713,"date":"2019-09-12T10:55:38","date_gmt":"2019-09-12T13:55:38","guid":{"rendered":"http:\/\/fundacionastur.org\/premios-destacados\/"},"modified":"2022-03-03T00:40:05","modified_gmt":"2022-03-03T03:40:05","slug":"premios-destacados","status":"publish","type":"post","link":"https:\/\/fundacionastur.org\/en\/premios-destacados\/","title":{"rendered":"Premios Destacados"},"content":{"rendered":"<p>Comenz\u00f3 la cuarta edici\u00f3n de Premios Destacados. Destacados es un premio que reconoce a los uruguayos que se distinguen por su dedicaci\u00f3n a los dem\u00e1s, y muestra sus vidas en La Tele para que sirvan como inspiraci\u00f3n para todos. Postul\u00e1 a tu candidato en www.premiodestacados.com<\/p>\n","protected":false},"excerpt":{"rendered":"<p>Comenz\u00f3 la cuarta edici\u00f3n de Premios Destacados. Destacados es un premio que reconoce a los uruguayos que se distinguen por su dedicaci\u00f3n a los dem\u00e1s, y muestra sus vidas en La Tele para que sirvan como inspiraci\u00f3n para todos. Postul\u00e1 a tu candidato en www.premiodestacados.com<\/p>\n","protected":false},"author":3,"featured_media":7284,"comment_status":"open","ping_status":"open","sticky":false,"template":"","format":"standard","meta":{"footnotes":""},"categories":[55,35],"tags":[],"class_list":["post-7713","post","type-post","status-publish","format-standard","has-post-thumbnail","hentry","category-todas","category-institucionales"],"acf":{"fecha":"9\/12\/2019","documento":false,"fotos":false,"video":"","proyecto_relacionado":""},"_links":{"self":[{"href":"https:\/\/fundacionastur.org\/en\/wp-json\/wp\/v2\/posts\/7713","targetHints":{"allow":["GET"]}}],"collection":[{"href":"https:\/\/fundacionastur.org\/en\/wp-json\/wp\/v2\/posts"}],"about":[{"href":"https:\/\/fundacionastur.org\/en\/wp-json\/wp\/v2\/types\/post"}],"author":[{"embeddable":true,"href":"https:\/\/fundacionastur.org\/en\/wp-json\/wp\/v2\/users\/3"}],"replies":[{"embeddable":true,"href":"https:\/\/fundacionastur.org\/en\/wp-json\/wp\/v2\/comments?post=7713"}],"version-history":[{"count":1,"href":"https:\/\/fundacionastur.org\/en\/wp-json\/wp\/v2\/posts\/7713\/revisions"}],"predecessor-version":[{"id":7915,"href":"https:\/\/fundacionastur.org\/en\/wp-json\/wp\/v2\/posts\/7713\/revisions\/7915"}],"wp:featuredmedia":[{"embeddable":true,"href":"https:\/\/fundacionastur.org\/en\/wp-json\/wp\/v2\/media\/7284"}],"wp:attachment":[{"href":"https:\/\/fundacionastur.org\/en\/wp-json\/wp\/v2\/media?parent=7713"}],"wp:term":[{"taxonomy":"category","embeddable":true,"href":"https:\/\/fundacionastur.org\/en\/wp-json\/wp\/v2\/categories?post=7713"},{"taxonomy":"post_tag","embeddable":true,"href":"https:\/\/fundacionastur.org\/en\/wp-json\/wp\/v2\/tags?post=7713"}],"curies":[{"name":"wp","href":"https:\/\/api.w.org\/{rel}","templated":true}]}}