{"id":8420,"date":"2021-10-20T23:15:57","date_gmt":"2021-10-21T02:15:57","guid":{"rendered":"http:\/\/fundacionastur.org\/?post_type=astur_conecta_post&#038;p=8420"},"modified":"2022-03-02T16:29:44","modified_gmt":"2022-03-02T19:29:44","slug":"tecnologia-como-aliado-para-la-comunicacion","status":"publish","type":"astur_conecta_post","link":"https:\/\/fundacionastur.org\/en\/astur_conecta_post\/tecnologia-como-aliado-para-la-comunicacion\/","title":{"rendered":"Tecnolog\u00eda como aliado para la comunicaci\u00f3n"},"parent":0,"template":"","categoria_astur_conecta":[106,107,111],"class_list":["post-8420","astur_conecta_post","type-astur_conecta_post","status-publish","hentry","categoria_astur_conecta-tecnologia","categoria_astur_conecta-salud-y-bienestar","categoria_astur_conecta-todas"],"acf":{"seleccionar_video":false,"experto":"Prof. Victoria Palacios Lic. en Educaci\u00f3n","video_de_youtube":"https:\/\/www.youtube.com\/watch?v=C4MvlWpa2_k","descripcion_video_astur_conecta":"<p>La inclusi\u00f3n digital realizada gracias al Plan Ibirapit\u00e1 permiti\u00f3 que muchos adultos mayores que no ten\u00edan acceso a una tablet, pudieran incorporarla a su vida.<\/p>\n","archivos_adjuntos":[{"archivo":"https:\/\/fundacionastur.org\/wp-content\/uploads\/2021\/10\/Tips-Tecnologia-al-alcance-de-todos-por-Astur.pdf","titulo_del_archivo":"Tips Tecnolog\u00eda al alcance de todos."}]},"_links":{"self":[{"href":"https:\/\/fundacionastur.org\/en\/wp-json\/wp\/v2\/astur_conecta_post\/8420","targetHints":{"allow":["GET"]}}],"collection":[{"href":"https:\/\/fundacionastur.org\/en\/wp-json\/wp\/v2\/astur_conecta_post"}],"about":[{"href":"https:\/\/fundacionastur.org\/en\/wp-json\/wp\/v2\/types\/astur_conecta_post"}],"wp:attachment":[{"href":"https:\/\/fundacionastur.org\/en\/wp-json\/wp\/v2\/media?parent=8420"}],"wp:term":[{"taxonomy":"categoria_astur_conecta","embeddable":true,"href":"https:\/\/fundacionastur.org\/en\/wp-json\/wp\/v2\/categoria_astur_conecta?post=8420"}],"curies":[{"name":"wp","href":"https:\/\/api.w.org\/{rel}","templated":true}]}}